{"id":869,"date":"2001-01-16T17:35:00","date_gmt":"2001-01-16T15:35:00","guid":{"rendered":"https:\/\/hynninen.datalatu.fi\/?p=869"},"modified":"2023-05-07T17:36:35","modified_gmt":"2023-05-07T14:36:35","slug":"loviisassa-juhlitaan-ekumeenista-rukousviikkoa","status":"publish","type":"post","link":"https:\/\/www.hynninen.info\/?p=869","title":{"rendered":"LOVIISASSA JUHLITAAN EKUMEENISTA RUKOUSVIIKKOA"},"content":{"rendered":"\n<p>Rovasti Tiit Salum\u00e4e Viron Haapsalusta:<\/p>\n\n\n\n<figure class=\"wp-block-image\"><img decoding=\"async\" src=\"https:\/\/www.hynninen.info\/kolumnit\/kuvat\/purasy1.jpg\" alt=\"tiitsalu\"\/><\/figure>\n\n\n\n<p>Virolaiset vieraat kuuluvat loviisank\u00e4vij\u00f6ihin my\u00f6s ekumeenisella rukousviikolla.<\/p>\n\n\n\n<p><strong><u>Tiedote 16.1.2001<\/u><\/strong><\/p>\n\n\n\n<p>(18.-25.1.2001)<\/p>\n\n\n\n<p>Viron emeritusarkkipiispa Kuno Pajula saarnaa Loviisan kirkossa<\/p>\n\n\n\n<p>ekumeenisessa jumalanpalveluksessa 21.1. klo 12. Rovasti Veikko Lisitsin<\/p>\n\n\n\n<p>(ort.), kanttori Katarine Lehtom\u00e4ki (ort), saarnaaja Veikko Alastalo<\/p>\n\n\n\n<p>(hellunt.), rouva Susana Heltimoinen (katol.) ja eri kirkkojen edustajat<\/p>\n\n\n\n<p>osallistuvat messuun ja rukoilevat ykseyden puolesta. Kaksikielisen messun<\/p>\n\n\n\n<p>toimittaa kirkkoherra Veli-Matti Hynninen (lut.). Kanttorina ja Loviisan<\/p>\n\n\n\n<p>kirkkokuoron johtajana on Mia Aitokari. Messun lopussa Loviisan<\/p>\n\n\n\n<p>kirkkovaltuuston puheenjohtaja Carl-Erik-Vaenerberg avustajineen jakaa<\/p>\n\n\n\n<p>uskollisuusmerkit luottamushenkil\u00f6ille ja ty\u00f6ntekij\u00f6ille. Juhla jatkuu<\/p>\n\n\n\n<p>seurakuntakeskuksessa kirkkokahvin ja juhlan merkeiss\u00e4. Eri seurakuntien ja<\/p>\n\n\n\n<p>ekumeenisen Konstantinuksen ritarikunnan (OCM) edustajat esiintyv\u00e4t.<\/p>\n\n\n\n<p>Eri puolilla maailmaa vietett\u00e4v\u00e4n Ekumeenisen rukousviikon (18.-25.1.)<\/p>\n\n\n\n<p>aikana j\u00e4rjestet\u00e4\u00e4n eri kirkkokuntien yhteisi\u00e4 rukoustilaisuuksia ja<\/p>\n\n\n\n<p>kirkkovaelluksia. Suomen ekumeenisen neuvoston rukousmateriaalin avulla<\/p>\n\n\n\n<p>p\u00e4ivitt\u00e4in syvennyt\u00e4\u00e4n raamatunteksteihin ja rukouksiin ykseyden puolesta.<\/p>\n\n\n\n<p>Rukousviikon aiheena on t\u00e4n\u00e4 vuonna Jeesuksen sana:<\/p>\n\n\n\n<p>&#8221;Min\u00e4 olen tie, totuus ja el\u00e4m\u00e4&#8221;.<\/p>\n\n\n\n<p><strong>PURA SYD\u00c4NT\u00c4SI-TIIMI aloittaa<\/strong><\/p>\n\n\n\n<p>Riemuvuoden uudet toimintapahtumat jatkuvat. Maanantai-iltaisin klo 19<\/p>\n\n\n\n<p>(vanhassa) seurakuntakodissa, It\u00e4inen Tullikatu 6 koontuva keskusteluryhm\u00e4<\/p>\n\n\n\n<p>purkaa paineita. Pura syd\u00e4nt\u00e4si-tiimi huolehtii nimens\u00e4 mukaiasesti<\/p>\n\n\n\n<p>huolien huojentamisesta keskustelun ja rukouksen keinoin. Tiimi on avoin<\/p>\n\n\n\n<p>kaikille. Tiimin vastuuhenkil\u00f6n\u00e4 toimii Mervi Sysiaho.<\/p>\n\n\n\n<p><strong>RUKOUSILTOJA JA DRAAMAA<\/strong><\/p>\n\n\n\n<p>Helmikuun lopulla 28.2. klo 18 Loviisan kirkossa k\u00e4ynnistyv\u00e4t paastonajan<\/p>\n\n\n\n<p>rukousillat sis\u00e4lt\u00e4v\u00e4t esirukouspalvelua ja Herran Pyh\u00e4n Ehtoollisen.<\/p>\n\n\n\n<p>Yhdess\u00e4 rukoillaan, lauletaan ja nautitaan ehtoollinen. Toukokuussa<\/p>\n\n\n\n<p>j\u00e4rjestet\u00e4\u00e4n Loviisan kirkossa viel\u00e4 (17.5. klo 19) Pirkko Jalovaaran<\/p>\n\n\n\n<p>johtama sanan ja rukouksen ilta.<\/p>\n\n\n\n<p>P\u00e4\u00e4si\u00e4isaamuna 15.4. klo 8.00 Loviisan hautausmaan p\u00e4\u00e4si\u00e4iskivell\u00e4<\/p>\n\n\n\n<p>j\u00e4rjestet\u00e4\u00e4n perinteinen evankeliumin dramatisointi ja ristikulkue<\/p>\n\n\n\n<p>siunauskappeliin. Tuovi Putkosen ohjaamaan p\u00e4\u00e4si\u00e4isevankeliumiin kutsutaan<\/p>\n\n\n\n<p>seurakuntalaisia eri rooleihin. Harjoitukset alkavat paastonaikana.<\/p>\n\n\n\n<p>RIEMUVUOSI 2000:n vietto jatkuu ensi p\u00e4\u00e4si\u00e4iseen asti.<\/p>\n","protected":false},"excerpt":{"rendered":"<p>Rovasti Tiit Salum\u00e4e Viron Haapsalusta: Virolaiset vieraat kuuluvat loviisank\u00e4vij\u00f6ihin my\u00f6s ekumeenisella rukousviikolla. Tiedote 16.1.2001 (18.-25.1.2001) Viron emeritusarkkipiispa Kuno Pajula saarnaa Loviisan kirkossa ekumeenisessa jumalanpalveluksessa 21.1. klo 12. Rovasti Veikko Lisitsin (ort.), kanttori Katarine Lehtom\u00e4ki (ort), saarnaaja Veikko Alastalo (hellunt.), rouva Susana Heltimoinen (katol.) ja eri kirkkojen edustajat osallistuvat messuun ja rukoilevat ykseyden puolesta. Kaksikielisen messun &hellip; <\/p>\n<p><a class=\"more-link btn\" href=\"https:\/\/www.hynninen.info\/?p=869\">Jatka lukemista<\/a><\/p>\n","protected":false},"author":1,"featured_media":0,"comment_status":"closed","ping_status":"closed","sticky":false,"template":"","format":"standard","meta":{"footnotes":""},"categories":[7],"tags":[],"class_list":["post-869","post","type-post","status-publish","format-standard","hentry","category-kolumnitjaartikkelit","item-wrap"],"_links":{"self":[{"href":"https:\/\/www.hynninen.info\/index.php?rest_route=\/wp\/v2\/posts\/869","targetHints":{"allow":["GET"]}}],"collection":[{"href":"https:\/\/www.hynninen.info\/index.php?rest_route=\/wp\/v2\/posts"}],"about":[{"href":"https:\/\/www.hynninen.info\/index.php?rest_route=\/wp\/v2\/types\/post"}],"author":[{"embeddable":true,"href":"https:\/\/www.hynninen.info\/index.php?rest_route=\/wp\/v2\/users\/1"}],"replies":[{"embeddable":true,"href":"https:\/\/www.hynninen.info\/index.php?rest_route=%2Fwp%2Fv2%2Fcomments&post=869"}],"version-history":[{"count":1,"href":"https:\/\/www.hynninen.info\/index.php?rest_route=\/wp\/v2\/posts\/869\/revisions"}],"predecessor-version":[{"id":870,"href":"https:\/\/www.hynninen.info\/index.php?rest_route=\/wp\/v2\/posts\/869\/revisions\/870"}],"wp:attachment":[{"href":"https:\/\/www.hynninen.info\/index.php?rest_route=%2Fwp%2Fv2%2Fmedia&parent=869"}],"wp:term":[{"taxonomy":"category","embeddable":true,"href":"https:\/\/www.hynninen.info\/index.php?rest_route=%2Fwp%2Fv2%2Fcategories&post=869"},{"taxonomy":"post_tag","embeddable":true,"href":"https:\/\/www.hynninen.info\/index.php?rest_route=%2Fwp%2Fv2%2Ftags&post=869"}],"curies":[{"name":"wp","href":"https:\/\/api.w.org\/{rel}","templated":true}]}}